{"id":7550,"date":"2020-04-07T15:10:12","date_gmt":"2020-04-07T14:10:12","guid":{"rendered":"https:\/\/www.tapis-chic.com\/blog\/?p=7550"},"modified":"2020-04-09T08:40:20","modified_gmt":"2020-04-09T07:40:20","slug":"tapis-dexterieur-ideal-pour-decorer-la-terrasse","status":"publish","type":"post","link":"https:\/\/www.tapis-chic.com\/blog\/inspiration-deco\/tapis-dexterieur-ideal-pour-decorer-la-terrasse.html","title":{"rendered":"Tapis d&rsquo;ext\u00e9rieur : id\u00e9al pour d\u00e9corer la terrasse"},"content":{"rendered":"\n<p>Le printemps est l\u00e0 et les beaux jours arrivent. C\u2019est le moment de penser \u00e0 l\u2019am\u00e9nagement de votre ext\u00e9rieur et \u00e0 sa d\u00e9coration. Pourquoi ne pas profiter du confort de votre int\u00e9rieur, \u00e0 l&rsquo;ext\u00e9rieur ? Parfait pour habiller votre terrasse, les abords de votre piscine ou sous votre table de jardin, le tapis d\u2019ext\u00e9rieur saura vous convaincre !<\/p>\n\n\n\n<h3 class=\"wp-block-heading\">Ajoutez de la couleur \u00e0 votre ext\u00e9rieur !<\/h3>\n\n\n\n<p>Gr\u00e2ce \u00e0 notre belle collection de tapis d\u2019ext\u00e9rieur, vous pouvez opter pour une touche de couleur dans votre d\u00e9coration d\u2019ext\u00e9rieur. Unis ou \u00e0 motifs, ajoutez de la gaiet\u00e9 sur votre terrasse ! Une belle id\u00e9e pour accompagner votre mobilier de jardin ou pour trancher avec le bleu de votre piscine. <\/p>\n\n\n\n<p>Le tapis orange <a href=\"https:\/\/www.tapis-chic.com\/tapis-exterieur\/4737-tapis-exterieur-collection-vitaminic-trellis-orange-8052780490542.html\">Vitaminic Trellis<\/a> s\u2019accorde \u00e0 merveille avec un mobilier en bois tout comme le tapis <a href=\"https:\/\/www.tapis-chic.com\/tapis-exterieur\/4766-tapis-exterieur-palms-green-8052780492119.html\">Palms vert<\/a> qui apporte une touche naturelle en plus. <\/p>\n\n\n\n<figure class=\"wp-block-gallery columns-2 is-cropped wp-block-gallery-1 is-layout-flex wp-block-gallery-is-layout-flex\"><ul class=\"blocks-gallery-grid\"><li class=\"blocks-gallery-item\"><figure><img loading=\"lazy\" decoding=\"async\" width=\"660\" height=\"660\" src=\"https:\/\/www.tapis-chic.com\/blog\/wp-content\/uploads\/2020\/04\/tapis-exterieur-collection-vitaminic-trellis-orange.jpg.png\" alt=\"\" data-id=\"7555\" data-full-url=\"https:\/\/www.tapis-chic.com\/blog\/wp-content\/uploads\/2020\/04\/tapis-exterieur-collection-vitaminic-trellis-orange.jpg.png\" data-link=\"https:\/\/www.tapis-chic.com\/blog\/?attachment_id=7555\" class=\"wp-image-7555\" srcset=\"https:\/\/www.tapis-chic.com\/blog\/wp-content\/uploads\/2020\/04\/tapis-exterieur-collection-vitaminic-trellis-orange.jpg.png 660w, https:\/\/www.tapis-chic.com\/blog\/wp-content\/uploads\/2020\/04\/tapis-exterieur-collection-vitaminic-trellis-orange.jpg-300x300.png 300w, https:\/\/www.tapis-chic.com\/blog\/wp-content\/uploads\/2020\/04\/tapis-exterieur-collection-vitaminic-trellis-orange.jpg-150x150.png 150w\" sizes=\"auto, (max-width: 660px) 100vw, 660px\" \/><\/figure><\/li><li class=\"blocks-gallery-item\"><figure><img loading=\"lazy\" decoding=\"async\" width=\"522\" height=\"522\" src=\"https:\/\/www.tapis-chic.com\/blog\/wp-content\/uploads\/2020\/04\/tapis-exterieur-palms-green.jpg.png\" alt=\"\" data-id=\"7556\" data-full-url=\"https:\/\/www.tapis-chic.com\/blog\/wp-content\/uploads\/2020\/04\/tapis-exterieur-palms-green.jpg.png\" data-link=\"https:\/\/www.tapis-chic.com\/blog\/?attachment_id=7556\" class=\"wp-image-7556\" srcset=\"https:\/\/www.tapis-chic.com\/blog\/wp-content\/uploads\/2020\/04\/tapis-exterieur-palms-green.jpg.png 522w, https:\/\/www.tapis-chic.com\/blog\/wp-content\/uploads\/2020\/04\/tapis-exterieur-palms-green.jpg-300x300.png 300w, https:\/\/www.tapis-chic.com\/blog\/wp-content\/uploads\/2020\/04\/tapis-exterieur-palms-green.jpg-150x150.png 150w\" sizes=\"auto, (max-width: 522px) 100vw, 522px\" \/><\/figure><\/li><\/ul><\/figure>\n\n\n\n<p>En revanche, avec un mobilier plus contemporain, on privil\u00e9gie le tapis <a href=\"https:\/\/www.tapis-chic.com\/flair-rugs\/4983-tapis-exterieur-collection-florence-alfresco-trieste-jaune-5031193676012.html\">Florence Alfresco <\/a>jaune et ses \u00e9l\u00e9gants chevrons. Parfait pour une touche moderne et color\u00e9e&nbsp;!<\/p>\n\n\n\n<figure class=\"wp-block-image size-large\"><img loading=\"lazy\" decoding=\"async\" width=\"1000\" height=\"667\" src=\"https:\/\/www.tapis-chic.com\/blog\/wp-content\/uploads\/2020\/04\/Florence_Alfresco_Trieste_Yellow_Outdoors_796BDF25601949DEA51FBD262DEC9BA5.jpg\" alt=\"\" class=\"wp-image-7557\" srcset=\"https:\/\/www.tapis-chic.com\/blog\/wp-content\/uploads\/2020\/04\/Florence_Alfresco_Trieste_Yellow_Outdoors_796BDF25601949DEA51FBD262DEC9BA5.jpg 1000w, https:\/\/www.tapis-chic.com\/blog\/wp-content\/uploads\/2020\/04\/Florence_Alfresco_Trieste_Yellow_Outdoors_796BDF25601949DEA51FBD262DEC9BA5-300x200.jpg 300w, https:\/\/www.tapis-chic.com\/blog\/wp-content\/uploads\/2020\/04\/Florence_Alfresco_Trieste_Yellow_Outdoors_796BDF25601949DEA51FBD262DEC9BA5-768x512.jpg 768w, https:\/\/www.tapis-chic.com\/blog\/wp-content\/uploads\/2020\/04\/Florence_Alfresco_Trieste_Yellow_Outdoors_796BDF25601949DEA51FBD262DEC9BA5-450x300.jpg 450w\" sizes=\"auto, (max-width: 1000px) 100vw, 1000px\" \/><\/figure>\n\n\n\n<h3 class=\"wp-block-heading\">Le tapis d&rsquo;ext\u00e9rieur : cosy mais r\u00e9sistant ! <\/h3>\n\n\n\n<p>Le tapis d&rsquo;ext\u00e9rieur est id\u00e9al pour apporter la touche cosy, de votre int\u00e9rieur, \u00e0 votre terrasse, au pied de votre transat ou sous votre salon de jardin ! Il pourra \u00e9galement rendre la sortie de la piscine beaucoup plus agr\u00e9able pour vos pieds !  <\/p>\n\n\n\n<p>D&rsquo;autre part, adapt\u00e9 pour l&rsquo;ext\u00e9rieur, le tapis est facile \u00e0 vivre et r\u00e9sistant \u00e0 tous les temps. En effet, les mod\u00e8les con\u00e7us pour \u00e9gayer vos terrasses et espaces de plein air sont pens\u00e9s pour r\u00e9sister aux UV, \u00e0 l&rsquo;eau et sont donc robustes, tenaces et faciles d&rsquo;entretien. <a href=\"https:\/\/www.tapis-chic.com\/blog\/la-vie-de-tapis-chic\/nos-conseils-deco\/les-tapis-lavables-par-lorena-canals.html\">Les tapis lavables par Lorena Canals<\/a> sont \u00e9galement une bonne solution pour habiller votre ext\u00e9rieur.<\/p>\n\n\n\n<h3 class=\"wp-block-heading\">Cr\u00e9ez des espaces distincts avec un tapis outdoor<\/h3>\n\n\n\n<p>Avoir un ext\u00e9rieur est une chance en cette p\u00e9riode de confinement, on aime s\u2019y sentir bien, se relaxer ou s\u2019y retrouver en famille. C\u2019est le moment de penser d\u00e9coration et de cr\u00e9er des espaces d\u00e9tente, jeux et repas gr\u00e2ce \u00e0 des tapis adapt\u00e9s \u00e0 l\u2019ext\u00e9rieur. <\/p>\n\n\n\n<p>Gr\u00e2ce au tapis <a href=\"https:\/\/www.tapis-chic.com\/tapis-lorena-canals\/4779-tapis-lavable-air-naturel-blanc-8435392616812.html\">Air Naturel<\/a> par<a href=\"https:\/\/www.tapis-chic.com\/164-tapis-lorena-canals\"> Lorena Canals<\/a> couleur naturel et un mobilier de jardin clair, cr\u00e9ez un espace cocooning et convivial qui fera ressortir la verdure de votre terrasse.<\/p>\n\n\n\n<figure class=\"wp-block-image size-large\"><img loading=\"lazy\" decoding=\"async\" width=\"800\" height=\"533\" src=\"https:\/\/www.tapis-chic.com\/blog\/wp-content\/uploads\/2020\/04\/Tapis-Lavable-Air-Naturel-Blanc.png\" alt=\"\" class=\"wp-image-7565\" srcset=\"https:\/\/www.tapis-chic.com\/blog\/wp-content\/uploads\/2020\/04\/Tapis-Lavable-Air-Naturel-Blanc.png 800w, https:\/\/www.tapis-chic.com\/blog\/wp-content\/uploads\/2020\/04\/Tapis-Lavable-Air-Naturel-Blanc-300x200.png 300w, https:\/\/www.tapis-chic.com\/blog\/wp-content\/uploads\/2020\/04\/Tapis-Lavable-Air-Naturel-Blanc-768x512.png 768w, https:\/\/www.tapis-chic.com\/blog\/wp-content\/uploads\/2020\/04\/Tapis-Lavable-Air-Naturel-Blanc-450x300.png 450w\" sizes=\"auto, (max-width: 800px) 100vw, 800px\" \/><\/figure>\n\n\n\n<p>L\u2019autre avantage des tapis outdoor c\u2019est qu\u2019ils permettent de lier l\u2019int\u00e9rieur et l\u2019ext\u00e9rieur comme avec le <a href=\"https:\/\/www.tapis-chic.com\/matieres-sur-mesure\/3097-tapis-exterieur-personnalisable-stone-dickson.html\">tapis Stone<\/a> ou <a href=\"https:\/\/www.tapis-chic.com\/matieres-sur-mesure\/3081-tapis-original-exterieur-personnalisable-bubble-dickson.html\">Bubble<\/a> de chez Dickson. <\/p>\n\n\n\n<h3 class=\"wp-block-heading\">Des tapis d&rsquo;ext\u00e9rieur personnalisables et sur-mesure<\/h3>\n\n\n\n<p>Une terrasse aux formes atypiques ? Envie d&rsquo;un peu d&rsquo;originalit\u00e9 ? Les tapis d&rsquo;ext\u00e9rieur donnent aussi la possibilit\u00e9 de laisser libre court \u00e0 votre imagination ! <\/p>\n\n\n\n<p>Vous pouvez opter pour une all\u00e9e de galets que laisse la possibilit\u00e9 de cr\u00e9er Dickson avec ses tapis stone personnalisables. Autre possibilit\u00e9 : apportez de la verdure \u00e0 votre balcon de b\u00e9ton ou \u00e0 votre terrasse bois\u00e9e avec le tapis d&rsquo;ext\u00e9rieur en gazon synth\u00e9tique. Mod\u00e8le sur-mesure, vous avez la possibilit\u00e9 de cr\u00e9er un carr\u00e9, un rond, un ovale ou m\u00eame simplement un rectangle de pelouse&#8230; et sans aucune tonte requise !<\/p>\n\n\n\n<figure class=\"wp-block-gallery columns-2 is-cropped wp-block-gallery-2 is-layout-flex wp-block-gallery-is-layout-flex\"><ul class=\"blocks-gallery-grid\"><li class=\"blocks-gallery-item\"><figure><img loading=\"lazy\" decoding=\"async\" width=\"800\" height=\"800\" src=\"https:\/\/www.tapis-chic.com\/blog\/wp-content\/uploads\/2020\/04\/tapis-exterieur-personnalisable-stone-dickson.jpg\" alt=\"\" data-id=\"7567\" class=\"wp-image-7567\" srcset=\"https:\/\/www.tapis-chic.com\/blog\/wp-content\/uploads\/2020\/04\/tapis-exterieur-personnalisable-stone-dickson.jpg 800w, https:\/\/www.tapis-chic.com\/blog\/wp-content\/uploads\/2020\/04\/tapis-exterieur-personnalisable-stone-dickson-300x300.jpg 300w, https:\/\/www.tapis-chic.com\/blog\/wp-content\/uploads\/2020\/04\/tapis-exterieur-personnalisable-stone-dickson-150x150.jpg 150w, https:\/\/www.tapis-chic.com\/blog\/wp-content\/uploads\/2020\/04\/tapis-exterieur-personnalisable-stone-dickson-768x768.jpg 768w\" sizes=\"auto, (max-width: 800px) 100vw, 800px\" \/><figcaption class=\"blocks-gallery-item__caption\"> <a href=\"https:\/\/www.tapis-chic.com\/matieres-sur-mesure\/3097-tapis-exterieur-personnalisable-stone-dickson.html\">Tapis Stone<\/a> par Dickson <\/figcaption><\/figure><\/li><li class=\"blocks-gallery-item\"><figure><img loading=\"lazy\" decoding=\"async\" width=\"800\" height=\"800\" src=\"https:\/\/www.tapis-chic.com\/blog\/wp-content\/uploads\/2020\/04\/Tapis-gazon-dExt\u00e9rieur-rond-sur-mesure-Amazonas.png\" alt=\"\" data-id=\"7568\" data-full-url=\"https:\/\/www.tapis-chic.com\/blog\/wp-content\/uploads\/2020\/04\/Tapis-gazon-dExt\u00e9rieur-rond-sur-mesure-Amazonas.png\" data-link=\"https:\/\/www.tapis-chic.com\/blog\/?attachment_id=7568\" class=\"wp-image-7568\" srcset=\"https:\/\/www.tapis-chic.com\/blog\/wp-content\/uploads\/2020\/04\/Tapis-gazon-dExt\u00e9rieur-rond-sur-mesure-Amazonas.png 800w, https:\/\/www.tapis-chic.com\/blog\/wp-content\/uploads\/2020\/04\/Tapis-gazon-dExt\u00e9rieur-rond-sur-mesure-Amazonas-300x300.png 300w, https:\/\/www.tapis-chic.com\/blog\/wp-content\/uploads\/2020\/04\/Tapis-gazon-dExt\u00e9rieur-rond-sur-mesure-Amazonas-150x150.png 150w, https:\/\/www.tapis-chic.com\/blog\/wp-content\/uploads\/2020\/04\/Tapis-gazon-dExt\u00e9rieur-rond-sur-mesure-Amazonas-768x768.png 768w\" sizes=\"auto, (max-width: 800px) 100vw, 800px\" \/><figcaption class=\"blocks-gallery-item__caption\">Tapis d&rsquo;ext\u00e9rieur gazon synth\u00e9tique<\/figcaption><\/figure><\/li><\/ul><\/figure>\n\n\n\n<p>Ils pourront facilement vous \u00eatre utiles sur plusieurs saisons ! &#8230; A noter \u00e9galement que la plupart peuvent aussi bien habiller votre salon en hiver et sortir faire bronzette en \u00e9t\u00e9 tout comme le <a href=\"https:\/\/www.tapis-chic.com\/tapis-exterieur\/4741-tapis-exterieur-collection-vitaminic-rombi-bleu-vert-8052780490665.html\">Vitaminic Rombi Blue Green<\/a> ! <\/p>\n\n\n\n<figure class=\"wp-block-gallery columns-2 is-cropped wp-block-gallery-3 is-layout-flex wp-block-gallery-is-layout-flex\"><ul class=\"blocks-gallery-grid\"><li class=\"blocks-gallery-item\"><figure><img loading=\"lazy\" decoding=\"async\" width=\"520\" height=\"520\" src=\"https:\/\/www.tapis-chic.com\/blog\/wp-content\/uploads\/2020\/04\/tapis-exterieur-collection-vitaminic-rombi-bleu-vert.jpg.png\" alt=\"\" data-id=\"7560\" data-full-url=\"https:\/\/www.tapis-chic.com\/blog\/wp-content\/uploads\/2020\/04\/tapis-exterieur-collection-vitaminic-rombi-bleu-vert.jpg.png\" data-link=\"https:\/\/www.tapis-chic.com\/blog\/inspiration-deco\/tapis-dexterieur-ideal-pour-decorer-la-terrasse.html\/attachment\/tapis-exterieur-collection-vitaminic-rombi-bleu-vert-jpg\" class=\"wp-image-7560\" srcset=\"https:\/\/www.tapis-chic.com\/blog\/wp-content\/uploads\/2020\/04\/tapis-exterieur-collection-vitaminic-rombi-bleu-vert.jpg.png 520w, https:\/\/www.tapis-chic.com\/blog\/wp-content\/uploads\/2020\/04\/tapis-exterieur-collection-vitaminic-rombi-bleu-vert.jpg-300x300.png 300w, https:\/\/www.tapis-chic.com\/blog\/wp-content\/uploads\/2020\/04\/tapis-exterieur-collection-vitaminic-rombi-bleu-vert.jpg-150x150.png 150w\" sizes=\"auto, (max-width: 520px) 100vw, 520px\" \/><figcaption class=\"blocks-gallery-item__caption\"> <a href=\"https:\/\/www.tapis-chic.com\/tapis-exterieur\/4741-tapis-exterieur-collection-vitaminic-rombi-bleu-vert-8052780490665.html\">Vitaminic Rombi Blue Green<\/a><\/figcaption><\/figure><\/li><li class=\"blocks-gallery-item\"><figure><img loading=\"lazy\" decoding=\"async\" width=\"521\" height=\"522\" src=\"https:\/\/www.tapis-chic.com\/blog\/wp-content\/uploads\/2020\/04\/tapis-exterieur-collection-vitaminic-rombi-bleu-vert-1.jpg.png\" alt=\"tapis d'ext\u00e9rieur color\u00e9\" data-id=\"7559\" data-full-url=\"https:\/\/www.tapis-chic.com\/blog\/wp-content\/uploads\/2020\/04\/tapis-exterieur-collection-vitaminic-rombi-bleu-vert-1.jpg.png\" data-link=\"https:\/\/www.tapis-chic.com\/blog\/inspiration-deco\/tapis-dexterieur-ideal-pour-decorer-la-terrasse.html\/attachment\/tapis-exterieur-collection-vitaminic-rombi-bleu-vert-1-jpg\" class=\"wp-image-7559\" srcset=\"https:\/\/www.tapis-chic.com\/blog\/wp-content\/uploads\/2020\/04\/tapis-exterieur-collection-vitaminic-rombi-bleu-vert-1.jpg.png 521w, https:\/\/www.tapis-chic.com\/blog\/wp-content\/uploads\/2020\/04\/tapis-exterieur-collection-vitaminic-rombi-bleu-vert-1.jpg-300x300.png 300w, https:\/\/www.tapis-chic.com\/blog\/wp-content\/uploads\/2020\/04\/tapis-exterieur-collection-vitaminic-rombi-bleu-vert-1.jpg-150x150.png 150w, https:\/\/www.tapis-chic.com\/blog\/wp-content\/uploads\/2020\/04\/tapis-exterieur-collection-vitaminic-rombi-bleu-vert-1.jpg-299x300.png 299w\" sizes=\"auto, (max-width: 521px) 100vw, 521px\" \/><figcaption class=\"blocks-gallery-item__caption\"> <a href=\"https:\/\/www.tapis-chic.com\/tapis-exterieur\/4741-tapis-exterieur-collection-vitaminic-rombi-bleu-vert-8052780490665.html\">Vitaminic Rombi Blue Green<\/a><\/figcaption><\/figure><\/li><\/ul><\/figure>\n","protected":false},"excerpt":{"rendered":"<p>Le printemps est l\u00e0 et les beaux jours arrivent. C\u2019est le moment de penser \u00e0 l\u2019am\u00e9nagement de votre ext\u00e9rieur et \u00e0 sa d\u00e9coration. Pourquoi ne pas profiter du confort de votre int\u00e9rieur, \u00e0 l&rsquo;ext\u00e9rieur ? Parfait pour habiller votre terrasse, les abords de votre piscine ou sous votre table de jardin, le tapis d\u2019ext\u00e9rieur saura [&hellip;]<\/p>\n","protected":false},"author":1,"featured_media":7558,"comment_status":"open","ping_status":"open","sticky":false,"template":"","format":"standard","meta":{"footnotes":""},"categories":[601,602],"tags":[],"class_list":["post-7550","post","type-post","status-publish","format-standard","has-post-thumbnail","hentry","category-inspiration-deco","category-un-espace-un-tapis"],"_links":{"self":[{"href":"https:\/\/www.tapis-chic.com\/blog\/wp-json\/wp\/v2\/posts\/7550","targetHints":{"allow":["GET"]}}],"collection":[{"href":"https:\/\/www.tapis-chic.com\/blog\/wp-json\/wp\/v2\/posts"}],"about":[{"href":"https:\/\/www.tapis-chic.com\/blog\/wp-json\/wp\/v2\/types\/post"}],"author":[{"embeddable":true,"href":"https:\/\/www.tapis-chic.com\/blog\/wp-json\/wp\/v2\/users\/1"}],"replies":[{"embeddable":true,"href":"https:\/\/www.tapis-chic.com\/blog\/wp-json\/wp\/v2\/comments?post=7550"}],"version-history":[{"count":11,"href":"https:\/\/www.tapis-chic.com\/blog\/wp-json\/wp\/v2\/posts\/7550\/revisions"}],"predecessor-version":[{"id":7582,"href":"https:\/\/www.tapis-chic.com\/blog\/wp-json\/wp\/v2\/posts\/7550\/revisions\/7582"}],"wp:featuredmedia":[{"embeddable":true,"href":"https:\/\/www.tapis-chic.com\/blog\/wp-json\/wp\/v2\/media\/7558"}],"wp:attachment":[{"href":"https:\/\/www.tapis-chic.com\/blog\/wp-json\/wp\/v2\/media?parent=7550"}],"wp:term":[{"taxonomy":"category","embeddable":true,"href":"https:\/\/www.tapis-chic.com\/blog\/wp-json\/wp\/v2\/categories?post=7550"},{"taxonomy":"post_tag","embeddable":true,"href":"https:\/\/www.tapis-chic.com\/blog\/wp-json\/wp\/v2\/tags?post=7550"}],"curies":[{"name":"wp","href":"https:\/\/api.w.org\/{rel}","templated":true}]}}